{"id":14091,"date":"2026-04-28T19:34:15","date_gmt":"2026-04-28T19:34:15","guid":{"rendered":"https:\/\/blacktenders.fr\/du-mont-boron-au-rocher-ce-que-lon-voit-depuis-la-mer-entre-nice-et-monaco\/"},"modified":"2026-04-29T10:03:32","modified_gmt":"2026-04-29T10:03:32","slug":"from-mont-boron-to-the-rock-what-you-see-from-the-sea-between-nice-and-monaco","status":"publish","type":"post","link":"https:\/\/blacktenders.fr\/en\/du-mont-boron-au-rocher-ce-que-lon-voit-depuis-la-mer-entre-nice-et-monaco\/","title":{"rendered":"From Mont Boron to the Rock: What You See from the Sea Between Nice and Monaco"},"content":{"rendered":"","protected":false},"excerpt":{"rendered":"","protected":false},"author":0,"featured_media":0,"comment_status":"open","ping_status":"open","sticky":false,"template":"","format":"standard","meta":{"_acf_changed":false,"footnotes":""},"categories":[365],"tags":[],"class_list":["post-14091","post","type-post","status-publish","format-standard","hentry","category-guides-itineraires"],"acf":[],"yoast_head":"<!-- This site is optimized with the Yoast SEO plugin v27.2 - https:\/\/yoast.com\/product\/yoast-seo-wordpress\/ -->\n<title>Nice \u00e0 Monaco depuis la mer : guide c\u00f4tier | BlackTenders<\/title>\n<meta name=\"description\" content=\"Du fort du Mont Alban \u00e0 la rade de Villefranche, du Cap-Ferrat aux remparts du Rocher : ce que r\u00e9v\u00e8le la c\u00f4te Nice-Monaco vue depuis le bateau.\" \/>\n<meta name=\"robots\" content=\"index, follow, max-snippet:-1, max-image-preview:large, max-video-preview:-1\" \/>\n<link rel=\"canonical\" href=\"https:\/\/blacktenders.fr\/en\/from-mont-boron-to-the-rock-what-you-see-from-the-sea-between-nice-and-monaco\/\" \/>\n<meta property=\"og:locale\" content=\"en_US\" \/>\n<meta property=\"og:type\" content=\"article\" \/>\n<meta property=\"og:title\" content=\"Nice \u00e0 Monaco depuis la mer : guide c\u00f4tier | BlackTenders\" \/>\n<meta property=\"og:description\" content=\"Du fort du Mont Alban \u00e0 la rade de Villefranche, du Cap-Ferrat aux remparts du Rocher : ce que r\u00e9v\u00e8le la c\u00f4te Nice-Monaco vue depuis le bateau.\" \/>\n<meta property=\"og:url\" content=\"https:\/\/blacktenders.fr\/en\/from-mont-boron-to-the-rock-what-you-see-from-the-sea-between-nice-and-monaco\/\" \/>\n<meta property=\"og:site_name\" content=\"Black Tenders | Excursions en bateau, location et transferts priv\u00e9s sur la C\u00f4te d&#039;Azur\" \/>\n<meta property=\"article:publisher\" content=\"https:\/\/www.facebook.com\/blacktenders\/\" \/>\n<meta property=\"article:published_time\" content=\"2026-04-28T19:34:15+00:00\" \/>\n<meta property=\"article:modified_time\" content=\"2026-04-29T10:03:32+00:00\" \/>\n<meta name=\"twitter:card\" content=\"summary_large_image\" \/>\n<!-- \/ Yoast SEO plugin. -->","yoast_head_json":{"title":"Nice to Monaco from the Sea: Coastal Guide | BlackTenders","description":"From Fort Mont Alban to the Bay of Villefranche, from Cap-Ferrat to the ramparts of the Rock: what the Nice-Monaco coast reveals from the boat.","robots":{"index":"index","follow":"follow","max-snippet":"max-snippet:-1","max-image-preview":"max-image-preview:large","max-video-preview":"max-video-preview:-1"},"canonical":"https:\/\/blacktenders.fr\/en\/from-mont-boron-to-the-rock-what-you-see-from-the-sea-between-nice-and-monaco\/","og_locale":"en_US","og_type":"article","og_title":"Nice \u00e0 Monaco depuis la mer : guide c\u00f4tier | BlackTenders","og_description":"Du fort du Mont Alban \u00e0 la rade de Villefranche, du Cap-Ferrat aux remparts du Rocher : ce que r\u00e9v\u00e8le la c\u00f4te Nice-Monaco vue depuis le bateau.","og_url":"https:\/\/blacktenders.fr\/en\/from-mont-boron-to-the-rock-what-you-see-from-the-sea-between-nice-and-monaco\/","og_site_name":"Black Tenders | Excursions en bateau, location et transferts priv\u00e9s sur la C\u00f4te d&#039;Azur","article_publisher":"https:\/\/www.facebook.com\/blacktenders\/","article_published_time":"2026-04-28T19:34:15+00:00","article_modified_time":"2026-04-29T10:03:32+00:00","twitter_card":"summary_large_image","schema":{"@context":"https:\/\/schema.org","@graph":[{"@type":"Article","@id":"https:\/\/blacktenders.fr\/du-mont-boron-au-rocher-ce-que-lon-voit-depuis-la-mer-entre-nice-et-monaco\/#article","isPartOf":{"@id":"https:\/\/blacktenders.fr\/du-mont-boron-au-rocher-ce-que-lon-voit-depuis-la-mer-entre-nice-et-monaco\/"},"author":{"name":"","@id":""},"headline":"Du Mont Boron au Rocher : ce que l&rsquo;on voit depuis la mer entre Nice et Monaco","datePublished":"2026-04-28T19:34:15+00:00","dateModified":"2026-04-29T10:03:32+00:00","mainEntityOfPage":{"@id":"https:\/\/blacktenders.fr\/du-mont-boron-au-rocher-ce-que-lon-voit-depuis-la-mer-entre-nice-et-monaco\/"},"wordCount":17,"commentCount":0,"publisher":{"@id":"https:\/\/blacktenders.fr\/#organization"},"articleSection":["Guides &amp; Itin\u00e9raires"],"inLanguage":"en-US","potentialAction":[{"@type":"CommentAction","name":"Comment","target":["https:\/\/blacktenders.fr\/du-mont-boron-au-rocher-ce-que-lon-voit-depuis-la-mer-entre-nice-et-monaco\/#respond"]}]},{"@type":"WebPage","@id":"https:\/\/blacktenders.fr\/du-mont-boron-au-rocher-ce-que-lon-voit-depuis-la-mer-entre-nice-et-monaco\/","url":"https:\/\/blacktenders.fr\/du-mont-boron-au-rocher-ce-que-lon-voit-depuis-la-mer-entre-nice-et-monaco\/","name":"Nice to Monaco from the Sea: Coastal Guide | BlackTenders","isPartOf":{"@id":"https:\/\/blacktenders.fr\/#website"},"datePublished":"2026-04-28T19:34:15+00:00","dateModified":"2026-04-29T10:03:32+00:00","description":"From Fort Mont Alban to the Bay of Villefranche, from Cap-Ferrat to the ramparts of the Rock: what the Nice-Monaco coast reveals from the boat.","breadcrumb":{"@id":"https:\/\/blacktenders.fr\/du-mont-boron-au-rocher-ce-que-lon-voit-depuis-la-mer-entre-nice-et-monaco\/#breadcrumb"},"inLanguage":"en-US","potentialAction":[{"@type":"ReadAction","target":["https:\/\/blacktenders.fr\/du-mont-boron-au-rocher-ce-que-lon-voit-depuis-la-mer-entre-nice-et-monaco\/"]}]},{"@type":"BreadcrumbList","@id":"https:\/\/blacktenders.fr\/du-mont-boron-au-rocher-ce-que-lon-voit-depuis-la-mer-entre-nice-et-monaco\/#breadcrumb","itemListElement":[{"@type":"ListItem","position":1,"name":"Home","item":"https:\/\/blacktenders.fr\/"},{"@type":"ListItem","position":2,"name":"Du Mont Boron au Rocher : ce que l&rsquo;on voit depuis la mer entre Nice et Monaco"}]},{"@type":"WebSite","@id":"https:\/\/blacktenders.fr\/#website","url":"https:\/\/blacktenders.fr\/","name":"Black Tenders | Boat Excursions, Rentals, and Private Transfers on the French Riviera","description":"","publisher":{"@id":"https:\/\/blacktenders.fr\/#organization"},"potentialAction":[{"@type":"SearchAction","target":{"@type":"EntryPoint","urlTemplate":"https:\/\/blacktenders.fr\/?s={search_term_string}"},"query-input":{"@type":"PropertyValueSpecification","valueRequired":true,"valueName":"search_term_string"}}],"inLanguage":"en-US"},{"@type":"Organization","@id":"https:\/\/blacktenders.fr\/#organization","name":"BlackTenders Events","alternateName":"BT Events","url":"https:\/\/blacktenders.fr\/","logo":{"@type":"ImageObject","inLanguage":"en-US","@id":"https:\/\/blacktenders.fr\/#\/schema\/logo\/image\/","url":"https:\/\/blacktenders.fr\/wp-content\/uploads\/2026\/03\/67136de813940d326346af8d_Black-Tenders_colors-wh-1-e1604930338920-1.avif","contentUrl":"https:\/\/blacktenders.fr\/wp-content\/uploads\/2026\/03\/67136de813940d326346af8d_Black-Tenders_colors-wh-1-e1604930338920-1.avif","width":350,"height":130,"caption":"BlackTenders Events"},"image":{"@id":"https:\/\/blacktenders.fr\/#\/schema\/logo\/image\/"},"sameAs":["https:\/\/www.facebook.com\/blacktenders\/"]}]}},"_links":{"self":[{"href":"https:\/\/blacktenders.fr\/en\/wp-json\/wp\/v2\/posts\/14091","targetHints":{"allow":["GET"]}}],"collection":[{"href":"https:\/\/blacktenders.fr\/en\/wp-json\/wp\/v2\/posts"}],"about":[{"href":"https:\/\/blacktenders.fr\/en\/wp-json\/wp\/v2\/types\/post"}],"replies":[{"embeddable":true,"href":"https:\/\/blacktenders.fr\/en\/wp-json\/wp\/v2\/comments?post=14091"}],"version-history":[{"count":1,"href":"https:\/\/blacktenders.fr\/en\/wp-json\/wp\/v2\/posts\/14091\/revisions"}],"predecessor-version":[{"id":14148,"href":"https:\/\/blacktenders.fr\/en\/wp-json\/wp\/v2\/posts\/14091\/revisions\/14148"}],"wp:attachment":[{"href":"https:\/\/blacktenders.fr\/en\/wp-json\/wp\/v2\/media?parent=14091"}],"wp:term":[{"taxonomy":"category","embeddable":true,"href":"https:\/\/blacktenders.fr\/en\/wp-json\/wp\/v2\/categories?post=14091"},{"taxonomy":"post_tag","embeddable":true,"href":"https:\/\/blacktenders.fr\/en\/wp-json\/wp\/v2\/tags?post=14091"}],"curies":[{"name":"wp","href":"https:\/\/api.w.org\/{rel}","templated":true}]}}